{"id":5990,"date":"2021-12-16T07:31:54","date_gmt":"2021-12-16T10:31:54","guid":{"rendered":"https:\/\/igochile.cl\/igochile2\/?p=5990"},"modified":"2025-03-25T16:19:37","modified_gmt":"2025-03-25T19:19:37","slug":"lanzamiento-cronicas-de-viaje","status":"publish","type":"post","link":"https:\/\/igochile.cl\/igochile2\/lanzamiento-cronicas-de-viaje\/","title":{"rendered":"LANZAMIENTO CR\u00d3NICAS DE VIAJE"},"content":{"rendered":"\n<div class=\"wp-block-algori-pdf-viewer-block-algori-pdf-viewer\"><iframe class=\"wp-block-algori-pdf-viewer-block-algori-pdf-viewer-iframe\" src=\"https:\/\/igochile.cl\/igochile2\/wp-content\/plugins\/algori-pdf-viewer\/dist\/web\/viewer.html?file=https%3A%2F%2Figochile.cl%2Figochile2%2Fwp-content%2Fuploads%2F2024%2F06%2FCronicas-de-Viaje-Rutas-de-go.pdf\" style=\"width:900px;height:900px\"><\/iframe><\/div>\n\n\n\n<p> La Federaci\u00f3n Chilena de Go, lanza este s\u00e1bado 18 de diciembre a las 18:00 horas (GMT-3) v\u00eda Zoom, su primer libro, titulado: &#8220;Cr\u00f3nicas de Viaje &#8211; Rutas de Go&#8221;, una compilaci\u00f3n de relatos de jugadoras y jugadores chilenos que han ido a representar al pa\u00eds compitiendo en Torneos Internacionales en el extranjero, sobre todo Asia, cuna de este arte.<\/p>\n\n\n\n<p><br>Las historias son de las m\u00e1s variadas, suceden entre 1998 y 2018, 20 a\u00f1os en la que la historia del Go en Chile fue creciendo poco a poco y este texto es una constancia de aquello. Juan Carlos Carrillo (primer&nbsp;chileno en viajar a competir al extranjero), Miguel Mu\u00f1oz Pi\u00f1a (actual presidente de la Federaci\u00f3n), Sebasti\u00e1n Dossow, Leslie P\u00e9rez, Renate Reisenegger, Jos\u00e9 G\u00f3mez y Agust\u00edn Antonissen son los chilenos y chilenas que relatan sus andanzas tras el tablero en pa\u00edses como Jap\u00f3n, China y Corea, adem\u00e1s se incluyen relatos de jugadores extranjeros que forman o formaron parte de la comunidad del Go, como: Nicol\u00e1s Kuschinski (Fundador del Club de Go de Guanajuato, M\u00e9xico), Yunuen Vital (tambi\u00e9n artista de la portada) y Yoshinobu Sakamoto (De la SIIG, organizaci\u00f3n de intercambio japonesa, d\u00f3nde jugadores senior viajan a ense\u00f1ar la disciplina a latinoam\u00e9rica)&nbsp;<br>El lanzamiento de este s\u00e1bado, contar\u00e1 con la participaci\u00f3n de los y las protagonistas de estas cr\u00f3nicas. Tambi\u00e9n, con diversas autoridades de asociaciones latinoamericanas y las reflexiones del reconocido periodista Hugo Medrano. <\/p>\n\n\n\n<p>A toda la comunidad de jugadores y al p\u00fablico en general que desee asistir, puede inscribirse en el siguiente link hasta este viernes 17 de diciembre a las 18:00 horas:&nbsp;<a rel=\"noreferrer noopener\" href=\"https:\/\/docs.google.com\/forms\/d\/1KJ4ezyRo4EATGbdPt1Vwa1mW6OxdKYJR2TOpuyxuJxk\/viewform?edit_requested=true\" target=\"_blank\">https:\/\/docs.google.com\/forms\/d\/1KJ4ezyRo4EATGbdPt1Vwa1mW6OxdKYJR2TOpuyxuJxk\/viewform?edit_requested=true<\/a>&nbsp;<\/p>\n\n\n\n<p><\/p>\n\n\n\n<p>A todos los asistentes se les har\u00e1 llegar una copia virtual de &#8220;Cr\u00f3nicas de Viaje &#8211; Rutas de Go&#8221; .<\/p>\n\n\n\n<figure class=\"wp-block-image\"><img loading=\"lazy\" decoding=\"async\" width=\"767\" height=\"1024\" src=\"https:\/\/igochile.cl\/igochile2\/wp-content\/uploads\/2021\/12\/Libros-Cr\u00f3nicas-de-Viaje-767x1024.jpeg\" alt=\"\" class=\"wp-image-5991\" srcset=\"https:\/\/igochile.cl\/igochile2\/wp-content\/uploads\/2021\/12\/Libros-Cr\u00f3nicas-de-Viaje-767x1024.jpeg 767w, https:\/\/igochile.cl\/igochile2\/wp-content\/uploads\/2021\/12\/Libros-Cr\u00f3nicas-de-Viaje-225x300.jpeg 225w, https:\/\/igochile.cl\/igochile2\/wp-content\/uploads\/2021\/12\/Libros-Cr\u00f3nicas-de-Viaje-768x1025.jpeg 768w, https:\/\/igochile.cl\/igochile2\/wp-content\/uploads\/2021\/12\/Libros-Cr\u00f3nicas-de-Viaje.jpeg 959w\" sizes=\"(max-width: 767px) 100vw, 767px\" \/><figcaption class=\"wp-element-caption\"><br><br><br>PRENSA<br><br><a href=\"https:\/\/www.paislobo.cl\/2021\/12\/federacion-chilena-de-go-lanza-su-primer-libro.html\">https:\/\/www.paislobo.cl\/2021\/12\/federacion-chilena-de-go-lanza-su-primer-libro.html<\/a><\/figcaption><\/figure>\n\n\n\n<div data-client-id=\"\" id=\"pdf-1\" class=\"wp-block-tropicalista-pdfembed\" style=\"height:500px\" data-api-key=\"\" data-show-download-pdf=\"true\" data-show-print-pdf=\"true\" data-show-page-controls=\"true\" data-show-thumbnails=\"true\" data-show-bookmarks=\"true\" data-show-zoom-control=\"true\" data-show-full-screen=\"true\" data-default-view-mode=\"FIT_PAGE\" data-show-annotation-tools=\"true\" data-enable-form-filling=\"true\" data-enable-text-selection=\"true\"><\/div>\n","protected":false},"excerpt":{"rendered":"<p>La Federaci\u00f3n Chilena de Go, lanza este s\u00e1bado 18 de diciembre a las 18:00 horas (GMT-3) v\u00eda Zoom, su primer libro, titulado: &#8220;Cr\u00f3nicas de Viaje &#8211; Rutas de Go&#8221;, una&hellip;<\/p>\n","protected":false},"author":20,"featured_media":5991,"comment_status":"open","ping_status":"open","sticky":false,"template":"","format":"standard","meta":{"pgc_sgb_lightbox_settings":"","footnotes":""},"categories":[1],"tags":[],"_links":{"self":[{"href":"https:\/\/igochile.cl\/igochile2\/wp-json\/wp\/v2\/posts\/5990"}],"collection":[{"href":"https:\/\/igochile.cl\/igochile2\/wp-json\/wp\/v2\/posts"}],"about":[{"href":"https:\/\/igochile.cl\/igochile2\/wp-json\/wp\/v2\/types\/post"}],"author":[{"embeddable":true,"href":"https:\/\/igochile.cl\/igochile2\/wp-json\/wp\/v2\/users\/20"}],"replies":[{"embeddable":true,"href":"https:\/\/igochile.cl\/igochile2\/wp-json\/wp\/v2\/comments?post=5990"}],"version-history":[{"count":4,"href":"https:\/\/igochile.cl\/igochile2\/wp-json\/wp\/v2\/posts\/5990\/revisions"}],"predecessor-version":[{"id":6957,"href":"https:\/\/igochile.cl\/igochile2\/wp-json\/wp\/v2\/posts\/5990\/revisions\/6957"}],"wp:featuredmedia":[{"embeddable":true,"href":"https:\/\/igochile.cl\/igochile2\/wp-json\/wp\/v2\/media\/5991"}],"wp:attachment":[{"href":"https:\/\/igochile.cl\/igochile2\/wp-json\/wp\/v2\/media?parent=5990"}],"wp:term":[{"taxonomy":"category","embeddable":true,"href":"https:\/\/igochile.cl\/igochile2\/wp-json\/wp\/v2\/categories?post=5990"},{"taxonomy":"post_tag","embeddable":true,"href":"https:\/\/igochile.cl\/igochile2\/wp-json\/wp\/v2\/tags?post=5990"}],"curies":[{"name":"wp","href":"https:\/\/api.w.org\/{rel}","templated":true}]}}