{"id":6023,"date":"2022-02-16T21:30:33","date_gmt":"2022-02-17T00:30:33","guid":{"rendered":"https:\/\/igochile.cl\/igochile2\/?p=6023"},"modified":"2022-02-20T15:56:19","modified_gmt":"2022-02-20T18:56:19","slug":"comunicado","status":"publish","type":"post","link":"https:\/\/igochile.cl\/igochile2\/comunicado\/","title":{"rendered":"COMUNICADO"},"content":{"rendered":"\n<p>Con pesar, la Federaci\u00f3n Chilena de Go, comunica a toda su comunidad, el sensible fallecimiento del jugador Gabriel Argel Mart\u00ednez, perteneciente al Club de Go Aonken de Punta Arenas, sucedido la tarde de este mi\u00e9rcoles 26 de febrero de 2022 en la Regi\u00f3n de Los Lagos.<\/p>\n\n\n\n<p>Nuestras condolencias est\u00e1n con su familia y nos adherimos a su dolor. Solicitamos a todas y todos los miembros de nuestra comunidad, tengan presente encender una vela para iluminar su camino. Como la luz que fue en este mundo.<\/p>\n\n\n\n<figure class=\"wp-block-image\"><img loading=\"lazy\" decoding=\"async\" width=\"1024\" height=\"1024\" src=\"https:\/\/igochile.cl\/igochile2\/wp-content\/uploads\/2022\/02\/homenaje-gabriel-1-1024x1024.png\" alt=\"\" class=\"wp-image-6024\" srcset=\"https:\/\/igochile.cl\/igochile2\/wp-content\/uploads\/2022\/02\/homenaje-gabriel-1-1024x1024.png 1024w, https:\/\/igochile.cl\/igochile2\/wp-content\/uploads\/2022\/02\/homenaje-gabriel-1-150x150.png 150w, https:\/\/igochile.cl\/igochile2\/wp-content\/uploads\/2022\/02\/homenaje-gabriel-1-300x300.png 300w, https:\/\/igochile.cl\/igochile2\/wp-content\/uploads\/2022\/02\/homenaje-gabriel-1-768x768.png 768w, https:\/\/igochile.cl\/igochile2\/wp-content\/uploads\/2022\/02\/homenaje-gabriel-1-50x50.png 50w, https:\/\/igochile.cl\/igochile2\/wp-content\/uploads\/2022\/02\/homenaje-gabriel-1.png 1080w\" sizes=\"(max-width: 1024px) 100vw, 1024px\" \/><\/figure>\n\n\n\n<figure class=\"wp-block-image\"><img loading=\"lazy\" decoding=\"async\" width=\"1024\" height=\"1024\" src=\"https:\/\/igochile.cl\/igochile2\/wp-content\/uploads\/2022\/02\/homenaje-gabriel-2-1024x1024.png\" alt=\"\" class=\"wp-image-6025\" srcset=\"https:\/\/igochile.cl\/igochile2\/wp-content\/uploads\/2022\/02\/homenaje-gabriel-2-1024x1024.png 1024w, https:\/\/igochile.cl\/igochile2\/wp-content\/uploads\/2022\/02\/homenaje-gabriel-2-150x150.png 150w, https:\/\/igochile.cl\/igochile2\/wp-content\/uploads\/2022\/02\/homenaje-gabriel-2-300x300.png 300w, https:\/\/igochile.cl\/igochile2\/wp-content\/uploads\/2022\/02\/homenaje-gabriel-2-768x768.png 768w, https:\/\/igochile.cl\/igochile2\/wp-content\/uploads\/2022\/02\/homenaje-gabriel-2-50x50.png 50w, https:\/\/igochile.cl\/igochile2\/wp-content\/uploads\/2022\/02\/homenaje-gabriel-2.png 1080w\" sizes=\"(max-width: 1024px) 100vw, 1024px\" \/><\/figure>\n\n\n\n<figure class=\"wp-block-image\"><img loading=\"lazy\" decoding=\"async\" width=\"1024\" height=\"1024\" src=\"https:\/\/igochile.cl\/igochile2\/wp-content\/uploads\/2022\/02\/homenaje-gabriel-3-1024x1024.png\" alt=\"\" class=\"wp-image-6026\" srcset=\"https:\/\/igochile.cl\/igochile2\/wp-content\/uploads\/2022\/02\/homenaje-gabriel-3-1024x1024.png 1024w, https:\/\/igochile.cl\/igochile2\/wp-content\/uploads\/2022\/02\/homenaje-gabriel-3-150x150.png 150w, https:\/\/igochile.cl\/igochile2\/wp-content\/uploads\/2022\/02\/homenaje-gabriel-3-300x300.png 300w, https:\/\/igochile.cl\/igochile2\/wp-content\/uploads\/2022\/02\/homenaje-gabriel-3-768x768.png 768w, https:\/\/igochile.cl\/igochile2\/wp-content\/uploads\/2022\/02\/homenaje-gabriel-3-50x50.png 50w, https:\/\/igochile.cl\/igochile2\/wp-content\/uploads\/2022\/02\/homenaje-gabriel-3.png 1080w\" sizes=\"(max-width: 1024px) 100vw, 1024px\" \/><\/figure>\n\n\n\n<p>Nuestro homenaje a Gabriel, que se adelant\u00f3 a descubrir la jugada perfecta, esp\u00e9ranos, que cu\u00e1ndo nos encontremos terminaremos todas las partidas pendientes.<\/p>\n","protected":false},"excerpt":{"rendered":"<p>Con pesar, la Federaci\u00f3n Chilena de Go, comunica a toda su comunidad, el sensible fallecimiento del jugador Gabriel Argel Mart\u00ednez, perteneciente al Club de Go Aonken de Punta Arenas, sucedido&hellip;<\/p>\n","protected":false},"author":20,"featured_media":6024,"comment_status":"open","ping_status":"open","sticky":false,"template":"","format":"standard","meta":{"pgc_sgb_lightbox_settings":"","footnotes":""},"categories":[1],"tags":[],"_links":{"self":[{"href":"https:\/\/igochile.cl\/igochile2\/wp-json\/wp\/v2\/posts\/6023"}],"collection":[{"href":"https:\/\/igochile.cl\/igochile2\/wp-json\/wp\/v2\/posts"}],"about":[{"href":"https:\/\/igochile.cl\/igochile2\/wp-json\/wp\/v2\/types\/post"}],"author":[{"embeddable":true,"href":"https:\/\/igochile.cl\/igochile2\/wp-json\/wp\/v2\/users\/20"}],"replies":[{"embeddable":true,"href":"https:\/\/igochile.cl\/igochile2\/wp-json\/wp\/v2\/comments?post=6023"}],"version-history":[{"count":1,"href":"https:\/\/igochile.cl\/igochile2\/wp-json\/wp\/v2\/posts\/6023\/revisions"}],"predecessor-version":[{"id":6027,"href":"https:\/\/igochile.cl\/igochile2\/wp-json\/wp\/v2\/posts\/6023\/revisions\/6027"}],"wp:featuredmedia":[{"embeddable":true,"href":"https:\/\/igochile.cl\/igochile2\/wp-json\/wp\/v2\/media\/6024"}],"wp:attachment":[{"href":"https:\/\/igochile.cl\/igochile2\/wp-json\/wp\/v2\/media?parent=6023"}],"wp:term":[{"taxonomy":"category","embeddable":true,"href":"https:\/\/igochile.cl\/igochile2\/wp-json\/wp\/v2\/categories?post=6023"},{"taxonomy":"post_tag","embeddable":true,"href":"https:\/\/igochile.cl\/igochile2\/wp-json\/wp\/v2\/tags?post=6023"}],"curies":[{"name":"wp","href":"https:\/\/api.w.org\/{rel}","templated":true}]}}