{"id":6028,"date":"2022-02-20T15:55:54","date_gmt":"2022-02-20T18:55:54","guid":{"rendered":"https:\/\/igochile.cl\/igochile2\/?p=6028"},"modified":"2022-03-09T16:15:24","modified_gmt":"2022-03-09T19:15:24","slug":"nueva-directiva","status":"publish","type":"post","link":"https:\/\/igochile.cl\/igochile2\/nueva-directiva\/","title":{"rendered":"Nueva Directiva"},"content":{"rendered":"\n<p>Informamos a toda nuestra comunidad, que el d\u00eda domingo 20 de febrero de 2022 se realiz\u00f3 la asamblea que dar\u00eda cambio al directorio de la Federaci\u00f3n Chilena de Go. Siendo electos los candidatos postulados por votaci\u00f3n un\u00e1nime.<\/p>\n\n\n\n<p>Francisco Gonz\u00e1lez \u2013 Presidente<br> Jacinta Teijeiro \u2013 Vicepresidenta<br> Ignacio Iglesis \u2013 Secretario<br> Ram\u00f3n Catt\u00e1n \u2013 Tesorero<br> Renate Reisenegger \u2013 Directora<\/p>\n\n\n\n<p>Agradecemos toda la gesti\u00f3n, esfuerzo y trabajo del equipo 2018-2021 y se le desea el mejor de los \u00e9xitos a la nueva directiva, para seguir creciendo juntos y juntas en beneficio del Go en Chile.<\/p>\n\n\n\n<figure class=\"wp-block-image\"><img loading=\"lazy\" decoding=\"async\" width=\"1024\" height=\"1024\" src=\"https:\/\/igochile.cl\/igochile2\/wp-content\/uploads\/2022\/02\/2-Nueva-Directiva-1024x1024.png\" alt=\"\" class=\"wp-image-6029\" srcset=\"https:\/\/igochile.cl\/igochile2\/wp-content\/uploads\/2022\/02\/2-Nueva-Directiva-1024x1024.png 1024w, https:\/\/igochile.cl\/igochile2\/wp-content\/uploads\/2022\/02\/2-Nueva-Directiva-150x150.png 150w, https:\/\/igochile.cl\/igochile2\/wp-content\/uploads\/2022\/02\/2-Nueva-Directiva-300x300.png 300w, https:\/\/igochile.cl\/igochile2\/wp-content\/uploads\/2022\/02\/2-Nueva-Directiva-768x768.png 768w, https:\/\/igochile.cl\/igochile2\/wp-content\/uploads\/2022\/02\/2-Nueva-Directiva-50x50.png 50w, https:\/\/igochile.cl\/igochile2\/wp-content\/uploads\/2022\/02\/2-Nueva-Directiva.png 1080w\" sizes=\"(max-width: 1024px) 100vw, 1024px\" \/><\/figure>\n","protected":false},"excerpt":{"rendered":"<p>Informamos a toda nuestra comunidad, que el d\u00eda domingo 20 de febrero de 2022 se realiz\u00f3 la asamblea que dar\u00eda cambio al directorio de la Federaci\u00f3n Chilena de Go. Siendo&hellip;<\/p>\n","protected":false},"author":20,"featured_media":6030,"comment_status":"open","ping_status":"open","sticky":false,"template":"","format":"standard","meta":{"pgc_sgb_lightbox_settings":"","footnotes":""},"categories":[1],"tags":[],"_links":{"self":[{"href":"https:\/\/igochile.cl\/igochile2\/wp-json\/wp\/v2\/posts\/6028"}],"collection":[{"href":"https:\/\/igochile.cl\/igochile2\/wp-json\/wp\/v2\/posts"}],"about":[{"href":"https:\/\/igochile.cl\/igochile2\/wp-json\/wp\/v2\/types\/post"}],"author":[{"embeddable":true,"href":"https:\/\/igochile.cl\/igochile2\/wp-json\/wp\/v2\/users\/20"}],"replies":[{"embeddable":true,"href":"https:\/\/igochile.cl\/igochile2\/wp-json\/wp\/v2\/comments?post=6028"}],"version-history":[{"count":1,"href":"https:\/\/igochile.cl\/igochile2\/wp-json\/wp\/v2\/posts\/6028\/revisions"}],"predecessor-version":[{"id":6032,"href":"https:\/\/igochile.cl\/igochile2\/wp-json\/wp\/v2\/posts\/6028\/revisions\/6032"}],"wp:featuredmedia":[{"embeddable":true,"href":"https:\/\/igochile.cl\/igochile2\/wp-json\/wp\/v2\/media\/6030"}],"wp:attachment":[{"href":"https:\/\/igochile.cl\/igochile2\/wp-json\/wp\/v2\/media?parent=6028"}],"wp:term":[{"taxonomy":"category","embeddable":true,"href":"https:\/\/igochile.cl\/igochile2\/wp-json\/wp\/v2\/categories?post=6028"},{"taxonomy":"post_tag","embeddable":true,"href":"https:\/\/igochile.cl\/igochile2\/wp-json\/wp\/v2\/tags?post=6028"}],"curies":[{"name":"wp","href":"https:\/\/api.w.org\/{rel}","templated":true}]}}