{"id":6416,"date":"2023-09-01T13:39:53","date_gmt":"2023-09-01T16:39:53","guid":{"rendered":"https:\/\/igochile.cl\/igochile2\/?p=6416"},"modified":"2023-09-07T14:30:11","modified_gmt":"2023-09-07T17:30:11","slug":"congreso-latinoamericano-de-go-2023","status":"publish","type":"post","link":"https:\/\/igochile.cl\/igochile2\/congreso-latinoamericano-de-go-2023\/","title":{"rendered":"Congreso Latinoamericano de Go 2023"},"content":{"rendered":"\n<figure class=\"wp-block-image size-large\"><a href=\"https:\/\/igochile.cl\/igochile2\/wp-content\/uploads\/2023\/09\/image.png\"><img loading=\"lazy\" decoding=\"async\" width=\"1024\" height=\"318\" src=\"https:\/\/igochile.cl\/igochile2\/wp-content\/uploads\/2023\/09\/image-1024x318.png\" alt=\"\" class=\"wp-image-6417\" srcset=\"https:\/\/igochile.cl\/igochile2\/wp-content\/uploads\/2023\/09\/image-1024x318.png 1024w, https:\/\/igochile.cl\/igochile2\/wp-content\/uploads\/2023\/09\/image-300x93.png 300w, https:\/\/igochile.cl\/igochile2\/wp-content\/uploads\/2023\/09\/image-768x239.png 768w, https:\/\/igochile.cl\/igochile2\/wp-content\/uploads\/2023\/09\/image.png 1342w\" sizes=\"(max-width: 1024px) 100vw, 1024px\" \/><\/a><\/figure>\n\n\n\n<p>El Congreso Latinoamericano de Go de este a\u00f1o se llevar\u00e1 a cabo en Punta Cana, Rep\u00fablica Dominicana, entre los d\u00edas 12 y 16 de octubre.<\/p>\n\n\n\n<p>Si quieres saber m\u00e1s entra a su <a href=\"https:\/\/app.baduk.club\/latam\">P\u00e1gina oficial<\/a><\/p>\n","protected":false},"excerpt":{"rendered":"<p>El Congreso Latinoamericano de Go de este a\u00f1o se llevar\u00e1 a cabo en Punta Cana, Rep\u00fablica Dominicana, entre los d\u00edas 12 y 16 de octubre. Si quieres saber m\u00e1s entra&hellip;<\/p>\n","protected":false},"author":2,"featured_media":6417,"comment_status":"open","ping_status":"open","sticky":false,"template":"","format":"standard","meta":{"pgc_sgb_lightbox_settings":"","footnotes":""},"categories":[1,14,11,15],"tags":[27,26,36,28],"_links":{"self":[{"href":"https:\/\/igochile.cl\/igochile2\/wp-json\/wp\/v2\/posts\/6416"}],"collection":[{"href":"https:\/\/igochile.cl\/igochile2\/wp-json\/wp\/v2\/posts"}],"about":[{"href":"https:\/\/igochile.cl\/igochile2\/wp-json\/wp\/v2\/types\/post"}],"author":[{"embeddable":true,"href":"https:\/\/igochile.cl\/igochile2\/wp-json\/wp\/v2\/users\/2"}],"replies":[{"embeddable":true,"href":"https:\/\/igochile.cl\/igochile2\/wp-json\/wp\/v2\/comments?post=6416"}],"version-history":[{"count":1,"href":"https:\/\/igochile.cl\/igochile2\/wp-json\/wp\/v2\/posts\/6416\/revisions"}],"predecessor-version":[{"id":6418,"href":"https:\/\/igochile.cl\/igochile2\/wp-json\/wp\/v2\/posts\/6416\/revisions\/6418"}],"wp:featuredmedia":[{"embeddable":true,"href":"https:\/\/igochile.cl\/igochile2\/wp-json\/wp\/v2\/media\/6417"}],"wp:attachment":[{"href":"https:\/\/igochile.cl\/igochile2\/wp-json\/wp\/v2\/media?parent=6416"}],"wp:term":[{"taxonomy":"category","embeddable":true,"href":"https:\/\/igochile.cl\/igochile2\/wp-json\/wp\/v2\/categories?post=6416"},{"taxonomy":"post_tag","embeddable":true,"href":"https:\/\/igochile.cl\/igochile2\/wp-json\/wp\/v2\/tags?post=6416"}],"curies":[{"name":"wp","href":"https:\/\/api.w.org\/{rel}","templated":true}]}}